{"id":1106,"date":"2025-01-26T12:31:45","date_gmt":"2025-01-26T11:31:45","guid":{"rendered":"https:\/\/pddne.eu\/?p=1106"},"modified":"2025-01-27T16:49:01","modified_gmt":"2025-01-27T15:49:01","slug":"le-senat-et-le-gouvernement-veulent-supprimer-lagence-bio","status":"publish","type":"post","link":"https:\/\/pddne.eu\/index.php\/2025\/01\/26\/le-senat-et-le-gouvernement-veulent-supprimer-lagence-bio\/","title":{"rendered":"Le S\u00e9nat et le gouvernement veulent supprimer l\u2019Agence bio"},"content":{"rendered":"\n<p>Le S\u00e9nat a vot\u00e9 pour la suppression de l\u2019Agence bio. Cette coupe budg\u00e9taire est insens\u00e9e alors que l\u2019agriculture biologique traverse une crise, d\u00e9noncent les acteurs de la fili\u00e8re.<\/p>\n\n\n\n<p><em>\u00ab<\/em><em>&nbsp;Ce sont des \u00e9conomies de bout de chandelle<\/em><em>&nbsp;!<\/em><em>&nbsp;\u00bb<\/em>, s\u2019insurge le pr\u00e9sident de la F\u00e9d\u00e9ration nationale de l\u2019agriculture biologique (Fnab). <em>\u00ab<\/em><em>&nbsp;Un nouveau signal n\u00e9gatif aux producteurs et productrices bio<\/em><em>&nbsp;\u00bb<\/em>, d\u00e9plore la Conf\u00e9d\u00e9ration paysanne dans <a href=\"http:\/\/www.confederationpaysanne.fr\/rp_article.php?id=15386\" target=\"_blank\" rel=\"noreferrer noopener\">un communiqu\u00e9 du 20&nbsp;janvier<\/a>. L\u2019objet du courroux&nbsp;: l\u2019adoption par le S\u00e9nat dans la nuit du 17 au 18&nbsp;janvier d\u2019<a href=\"https:\/\/www.senat.fr\/amendements\/2024-2025\/143\/Amdt_II-1530.html\" target=\"_blank\" rel=\"noreferrer noopener\">un amendement<\/a> supprimant les cr\u00e9dits de fonctionnement de l\u2019Agence bio, l\u2019Agence fran\u00e7aise pour le d\u00e9veloppement et la promotion de l\u2019agriculture biologique.<\/p>\n\n\n\n<p>Afin de r\u00e9duire les co\u00fbts et le nombre d\u2019op\u00e9rateurs publics comme le souhaite le gouvernement, ses missions pourraient \u00eatre confi\u00e9es \u00e0 France AgriMer, un \u00e9tablissement public.<\/p>\n\n\n\n<p>Au cours <a href=\"https:\/\/www.senat.fr\/seances\/s202501\/s20250117\/s20250117_mono.html\" target=\"_blank\" rel=\"noreferrer noopener\">des d\u00e9bats<\/a>, Annie Genevard, la ministre de l\u2019Agriculture, a jug\u00e9 l\u2019id\u00e9e <em>\u00ab<\/em><em>&nbsp;\u00e9videmment int\u00e9ressante et m\u00eame tout \u00e0 fait pertinente<\/em><em>&nbsp;\u00bb<\/em> dans son principe, et s\u2019en est remise \u00e0 la sagesse du S\u00e9nat pour le vote. <em>\u00ab<\/em><em>&nbsp;Une r\u00e9action totalement scandaleuse<\/em><em>&nbsp;\u00bb<\/em>, consid\u00e8re G\u00e9n\u00e9rations futures <a href=\"http:\/\/r.newsletter.generations-futures.fr\/mk\/mr\/sh\/7nVTPdZCTJDXP4ftgoKUzULqfgkHbPt\/9p6eMggxSPQn\" target=\"_blank\" rel=\"noreferrer noopener\">dans un communiqu\u00e9<\/a>. Pour l\u2019ONG, la ministre aurait d\u00fb donner un avis d\u00e9favorable \u00e0 cet <em>\u00ab<\/em><em>&nbsp;amendement sc\u00e9l\u00e9rat<\/em><em>&nbsp;\u00bb<\/em>.<\/p>\n\n\n\n<h2 class=\"wp-block-heading\">De minuscules \u00e9conomies<\/h2>\n\n\n\n<p><em>\u00ab<\/em><em>&nbsp;On est dans l\u2019incompr\u00e9hension totale. Il y a quand m\u00eame 1&nbsp;agriculteur sur&nbsp;6 qui est en culture bio<\/em>, dit \u00e0 <em>Reporterre<\/em> Jean Verdier, pr\u00e9sident de l\u2019Agence bio et membre du Synabio&nbsp;[<a href=\"https:\/\/reporterre.net\/Le-Senat-et-le-gouvernement-veulent-supprimer-l-Agence-bio?utm_source=newsletter&amp;utm_medium=email&amp;utm_campaign=nl_quotidienne#nb1\">1<\/a>]. <em>La fili\u00e8re compte 22&nbsp;000 entreprises et 250&nbsp;000 emplois. Et pendant le week-end, on apprend par une d\u00e9p\u00eache AFP que l\u2019Agence va \u00eatre supprim\u00e9e, sans explication, ni rien<\/em><em>&nbsp;!<\/em><em>&nbsp;\u00bb<\/em><\/p>\n\n\n\n<p>Philippe Camburet, pr\u00e9sident de la Fnab, d\u00e9nonce un esprit de <em>\u00ab<\/em><em>&nbsp;l\u2019\u00e9conomie \u00e0 tout-va<\/em><em>&nbsp;\u00bb<\/em> et estime que des \u00e9conomies pourraient \u00eatre faites ailleurs, <em>\u00ab<\/em><em>&nbsp;par exemple sur des cadeaux fiscaux \u00e0 des firmes<\/em><em>&nbsp;\u00bb<\/em>. Il met en garde&nbsp;: <em>\u00ab<\/em><em>&nbsp;On risque de se priver du seul outil en mesure de promouvoir l\u2019agriculture biologique et de la faire repartir sur de bons rails.<\/em><em>&nbsp;\u00bb<\/em><\/p>\n\n\n\n<p>L\u2019\u00e9conomie permise par la suppression de cette ligne du budget semble r\u00e9duite, a reconnu Laurent Duplomb, s\u00e9nateur Les R\u00e9publicains de Haute-Loire et initiateur de cette proposition&nbsp;: <em>\u00ab<\/em><em>&nbsp;En comparaison des 284&nbsp;millions d\u2019euros de dette suppl\u00e9mentaire que nous venons de voter, cet amendement va para\u00eetre de bien faible port\u00e9e.<\/em><em>&nbsp;\u00bb<\/em> En effet, les cr\u00e9dits supprim\u00e9s s\u2019\u00e9l\u00e8veraient exactement \u00e0 2&nbsp;908&nbsp;670 euros.<\/p>\n\n\n\n<p><a href=\"https:\/\/reporterre.net\/Aides-a-la-bio-l-Etat-condamne-pour-procrastination\"><strong>Lire aussi : <\/strong>Aides \u00e0 la bio&nbsp;: l\u2019\u00c9tat condamn\u00e9 pour procrastination<\/a><\/p>\n\n\n\n<h2 class=\"wp-block-heading\">Une agence dot\u00e9e de multiples missions<\/h2>\n\n\n\n<p>En revanche, cette coupe budg\u00e9taire pourrait avoir des cons\u00e9quences graves pour toute la fili\u00e8re bio, alors que cette derni\u00e8re commence tout juste \u00e0 repartir <a href=\"https:\/\/reporterre.net\/Consommation-en-berne-recul-des-surfaces-la-bio-est-toujours-en-crise\">apr\u00e8s trois ans de crise<\/a>. La d\u00e9cision est qualifi\u00e9e de <em>\u00ab<\/em><em>&nbsp;brutale<\/em><em>&nbsp;\u00bb<\/em> et de&nbsp;<em>\u00ab<\/em><em>&nbsp;non-sens<\/em><em>&nbsp;\u00bb<\/em> par l\u2019ensemble des organisations professionnelles <a href=\"https:\/\/havas.hosting.augure.com\/Augure_Havas\/default.ashx?WCI=EmailViewer&amp;id=%7bd0f89fa3-e42d-4a23-82bb-5c74b09aa7c9%7d\" target=\"_blank\" rel=\"noreferrer noopener\">r\u00e9unies au sein de l\u2019Agence<\/a>. <em>\u00ab<\/em><em>&nbsp;L\u2019agence a aujourd\u2019hui trois grandes missions et on ne voit pas tr\u00e8s bien comment elles seront remplies demain<\/em><em>&nbsp;\u00bb<\/em>, s\u2019inqui\u00e8te Jean Verdier.<\/p>\n\n\n\n<p>La premi\u00e8re&nbsp;consiste \u00e0 promouvoir l\u2019agriculture bio. Ainsi, \u00e0 l\u2019occasion du prochain Salon de l\u2019agriculture, l\u2019Agence doit relancer sa grande campagne BioR\u00e9flexe en faveur des produits bio. <em>\u00ab<\/em><em>&nbsp;Cette campagne de promotion est absolument n\u00e9cessaire pour relancer la demande<\/em>, dit Philippe Camburet. <em>La feuille de route a \u00e9t\u00e9 \u00e9tablie, elle est orchestr\u00e9e, les r\u00f4les sont distribu\u00e9s. Ce n\u2019est pas le matin de la premi\u00e8re qu\u2019on r\u00e9organise la troupe de th\u00e9\u00e2tre<\/em><em>&nbsp;!<\/em><em>&nbsp;\u00bb<\/em><\/p>\n\n\n\n<p>L\u2019organisme centralise aussi toutes les donn\u00e9es du secteur bio, les analyse et les diffuse \u00e0 travers un observatoire et des rapports. <em>\u00ab<\/em><em>&nbsp;Le bilan n\u2019\u00e9tant pas extraordinaire \u2014 puisqu\u2019on va probablement perdre des surfaces en agriculture biologique cette ann\u00e9e&nbsp;\u2014, je ne suis pas s\u00fbr que le gouvernement ait envie d\u2019avoir un indicateur tr\u00e8s pr\u00e9cis et en temps r\u00e9el de ces mauvaises performances<\/em><em>&nbsp;\u00bb<\/em>, analyse le pr\u00e9sident de la Fnab.<\/p>\n\n\n\n<p>Enfin, l\u2019Agence accompagne de nombreux projets de d\u00e9veloppement de la fili\u00e8re bio <em>via<\/em> le fonds Avenir bio, dot\u00e9 de 18 millions d\u2019euros en 2024. <em>\u00ab<\/em><em>&nbsp;En quinze ans, nous avons distribu\u00e9 120 millions d\u2019euros<\/em>, dit Jean Verdier. <em>L\u2019effet de levier est important&nbsp;: quand on met 1&nbsp;euro, \u00e7a permet \u00e0 l\u2019entreprise de lever environ 4&nbsp;euros. L\u2019Agence bio est consid\u00e9r\u00e9e comme un garant&nbsp;: la R\u00e9gion abonde, les banques pr\u00eatent, les investisseurs sont int\u00e9ress\u00e9s\u2026<\/em><em>&nbsp;\u00bb<\/em><\/p>\n\n\n\n<h2 class=\"wp-block-heading\">Appel \u00e0 la d\u00e9mission d\u2019Annie Genevard<\/h2>\n\n\n\n<p>Face aux r\u00e9actions n\u00e9gatives, le minist\u00e8re de l\u2019Agriculture se veut rassurant&nbsp;: <em>\u00ab<\/em><em>&nbsp;Si une rationalisation des co\u00fbts de fonctionnement s\u2019av\u00e8re n\u00e9cessaire, elle ne peut \u00eatre r\u00e9alis\u00e9e sans une r\u00e9flexion approfondie et partag\u00e9e.<\/em><em>&nbsp;\u00bb<\/em> La ministre s\u2019engage \u00e0 ce que les missions actuellement port\u00e9es par l\u2019Agence bio soient poursuivies <em>\u00ab<\/em><em>&nbsp;de mani\u00e8re optimale, m\u00eame en cas de regroupement<\/em><em>&nbsp;\u00bb<\/em>, assure son cabinet.<\/p>\n\n\n\n<p>Ces engagements risquent de ne pas convaincre des organisations d\u00e9j\u00e0 \u00e9chaud\u00e9es par les d\u00e9clarations r\u00e9centes de la ministre sur son projet <a href=\"https:\/\/reporterre.net\/Agriculture-la-ministre-promet-de-la-simplification-contre-les-boulets-des-normes\">de simplifier <em>\u00ab<\/em><em>&nbsp;les normes<\/em><em>&nbsp;\u00bb<\/em><\/a>. <em>\u00ab<\/em><em>&nbsp;Cette possible suppression [de l\u2019Agence bio] participe des retours port\u00e9s par certains responsables syndicaux, des parlementaires et le gouvernement au sujet des d\u00e9fis environnementaux pour l\u2019agriculture<\/em><em>&nbsp;\u00bb<\/em>, estime ainsi la Conf\u00e9d\u00e9ration paysanne.<\/p>\n\n\n\n<p>Pour G\u00e9n\u00e9rations futures, Annie Genevard <em>\u00ab\u00a0appara\u00eet chaque jour davantage comme une simple courroie de transmission [de la FNSEA] au sein du gouvernement\u00a0\u00bb<\/em>. L\u2019ONG demande sa d\u00e9mission.<br><br>La p\u00e9tition pour refuser la suppression de l&rsquo;agence bio est l\u00e0:<br> <a href=\"https:\/\/soutien-agencebio.agirpourlenvironnement.org\/\">https:\/\/soutien-agencebio.agirpourlenvironnement.org\/<\/a><\/p>\n","protected":false},"excerpt":{"rendered":"<p>Le S\u00e9nat a vot\u00e9 pour la suppression de l\u2019Agence bio. Cette coupe budg\u00e9taire est insens\u00e9e alors que l\u2019agriculture biologique traverse une crise, d\u00e9noncent les acteurs de la fili\u00e8re. \u00ab&nbsp;Ce sont des \u00e9conomies de bout de chandelle&nbsp;!&nbsp;\u00bb, s\u2019insurge le pr\u00e9sident de la F\u00e9d\u00e9ration nationale de l\u2019agriculture biologique (Fnab). \u00ab&nbsp;Un nouveau signal n\u00e9gatif aux producteurs et productrices [&hellip;]<\/p>\n","protected":false},"author":1,"featured_media":0,"comment_status":"open","ping_status":"open","sticky":false,"template":"","format":"standard","meta":{"footnotes":""},"categories":[5,6],"tags":[],"class_list":["post-1106","post","type-post","status-publish","format-standard","hentry","category-actualites","category-environnement"],"_links":{"self":[{"href":"https:\/\/pddne.eu\/index.php\/wp-json\/wp\/v2\/posts\/1106","targetHints":{"allow":["GET"]}}],"collection":[{"href":"https:\/\/pddne.eu\/index.php\/wp-json\/wp\/v2\/posts"}],"about":[{"href":"https:\/\/pddne.eu\/index.php\/wp-json\/wp\/v2\/types\/post"}],"author":[{"embeddable":true,"href":"https:\/\/pddne.eu\/index.php\/wp-json\/wp\/v2\/users\/1"}],"replies":[{"embeddable":true,"href":"https:\/\/pddne.eu\/index.php\/wp-json\/wp\/v2\/comments?post=1106"}],"version-history":[{"count":3,"href":"https:\/\/pddne.eu\/index.php\/wp-json\/wp\/v2\/posts\/1106\/revisions"}],"predecessor-version":[{"id":1110,"href":"https:\/\/pddne.eu\/index.php\/wp-json\/wp\/v2\/posts\/1106\/revisions\/1110"}],"wp:attachment":[{"href":"https:\/\/pddne.eu\/index.php\/wp-json\/wp\/v2\/media?parent=1106"}],"wp:term":[{"taxonomy":"category","embeddable":true,"href":"https:\/\/pddne.eu\/index.php\/wp-json\/wp\/v2\/categories?post=1106"},{"taxonomy":"post_tag","embeddable":true,"href":"https:\/\/pddne.eu\/index.php\/wp-json\/wp\/v2\/tags?post=1106"}],"curies":[{"name":"wp","href":"https:\/\/api.w.org\/{rel}","templated":true}]}}