{"id":502,"date":"2024-09-30T15:38:46","date_gmt":"2024-09-30T13:38:46","guid":{"rendered":"https:\/\/pddne.eu\/?p=502"},"modified":"2024-10-06T15:00:50","modified_gmt":"2024-10-06T13:00:50","slug":"manger-bio-et-local-cest-lideal","status":"publish","type":"post","link":"https:\/\/pddne.eu\/index.php\/2024\/09\/30\/manger-bio-et-local-cest-lideal\/","title":{"rendered":"Manger Bio et local c&rsquo;est l&rsquo;id\u00e9al"},"content":{"rendered":"\n<p>Bonjour,<\/p>\n\n\n\n<figure class=\"wp-block-image size-full\"><img loading=\"lazy\" decoding=\"async\" width=\"660\" height=\"152\" src=\"https:\/\/pddne.eu\/wp-content\/uploads\/2024\/09\/image002.jpg\" alt=\"\" class=\"wp-image-505\" srcset=\"https:\/\/pddne.eu\/wp-content\/uploads\/2024\/09\/image002.jpg 660w, https:\/\/pddne.eu\/wp-content\/uploads\/2024\/09\/image002-300x69.jpg 300w\" sizes=\"auto, (max-width: 660px) 100vw, 660px\" \/><\/figure>\n\n\n\n<p>Du <strong>28 septembre au 27 octobre<\/strong> 2024, Bio 63 organise la 18\u00e8me \u00e9dition de la campagne <strong>\u201cManger Bio et Local, c\u2019est l\u2019id\u00e9al\u201d<\/strong>. Ce festival d\u2019animations a pour objectif la rencontre des acteurs de la bio avec le grand public pour le sensibiliser aux bienfaits, largement m\u00e9connus, de l\u2019agriculture biologique sur la sant\u00e9 et l\u2019environnement. A cette occasion, les producteurs et productrices, artisans et artisanes, collectivit\u00e9s, associations, magasins proposent des animations sur l\u2019ensemble du d\u00e9partement du Puy-de-D\u00f4me. Des portes ouvertes aux jeux de piste, en passant par des soir\u00e9es ap\u00e9ros concerts ou encore des d\u00e9gustations de produits, il y en aura pour tous les go\u00fbts.<\/p>\n\n\n\n<p>Je vous invite \u00e0 prendre connaissance du communiqu\u00e9 de presse et du programme des animations en pi\u00e8ce jointe.<br><\/p>\n\n\n\n<p>Merci d&rsquo;\u00eatre les relais de cette campagne pour la faire conna\u00eetre au plus grand nombre !<br><\/p>\n\n\n\n<p><strong>Pour toutes questions, vous pouvez m&rsquo;appeler au 06 99 01 70 99. <\/strong><strong><br><\/strong><\/p>\n\n\n\n<p>Bonne journ\u00e9e,<br><\/p>\n\n\n\n<p>Bien cordialement,<br><\/p>\n\n\n\n<p>H\u00e9l\u00e8ne Cadiou<br><\/p>\n\n\n\n<div data-wp-interactive=\"core\/file\" class=\"wp-block-file\"><object data-wp-bind--hidden=\"!state.hasPdfPreview\" hidden class=\"wp-block-file__embed\" data=\"https:\/\/pddne.eu\/wp-content\/uploads\/2024\/09\/Flyer-Programme-Puy-de-Dome-Manger-Bio-et-Local-cest-lideal.pdf\" type=\"application\/pdf\" style=\"width:100%;height:600px\" aria-label=\"Contenu embarqu\u00e9 Flyer-Programme-Puy-de-Dome-Manger-Bio-et-Local-cest-lideal.\"><\/object><a id=\"wp-block-file--media-d96837dd-bca0-45e0-93c7-620726c4abd7\" href=\"https:\/\/pddne.eu\/wp-content\/uploads\/2024\/09\/Flyer-Programme-Puy-de-Dome-Manger-Bio-et-Local-cest-lideal.pdf\">Flyer-Programme-Puy-de-Dome-Manger-Bio-et-Local-cest-lideal<\/a><a href=\"https:\/\/pddne.eu\/wp-content\/uploads\/2024\/09\/Flyer-Programme-Puy-de-Dome-Manger-Bio-et-Local-cest-lideal.pdf\" class=\"wp-block-file__button wp-element-button\" download aria-describedby=\"wp-block-file--media-d96837dd-bca0-45e0-93c7-620726c4abd7\">T\u00e9l\u00e9charger<\/a><\/div>\n","protected":false},"excerpt":{"rendered":"<p>Bonjour, Du 28 septembre au 27 octobre 2024, Bio 63 organise la 18\u00e8me \u00e9dition de la campagne \u201cManger Bio et Local, c\u2019est l\u2019id\u00e9al\u201d. Ce festival d\u2019animations a pour objectif la rencontre des acteurs de la bio avec le grand public pour le sensibiliser aux bienfaits, largement m\u00e9connus, de l\u2019agriculture biologique sur la sant\u00e9 et l\u2019environnement. [&hellip;]<\/p>\n","protected":false},"author":1,"featured_media":0,"comment_status":"open","ping_status":"open","sticky":false,"template":"","format":"standard","meta":{"footnotes":""},"categories":[5,6],"tags":[],"class_list":["post-502","post","type-post","status-publish","format-standard","hentry","category-actualites","category-environnement"],"_links":{"self":[{"href":"https:\/\/pddne.eu\/index.php\/wp-json\/wp\/v2\/posts\/502","targetHints":{"allow":["GET"]}}],"collection":[{"href":"https:\/\/pddne.eu\/index.php\/wp-json\/wp\/v2\/posts"}],"about":[{"href":"https:\/\/pddne.eu\/index.php\/wp-json\/wp\/v2\/types\/post"}],"author":[{"embeddable":true,"href":"https:\/\/pddne.eu\/index.php\/wp-json\/wp\/v2\/users\/1"}],"replies":[{"embeddable":true,"href":"https:\/\/pddne.eu\/index.php\/wp-json\/wp\/v2\/comments?post=502"}],"version-history":[{"count":3,"href":"https:\/\/pddne.eu\/index.php\/wp-json\/wp\/v2\/posts\/502\/revisions"}],"predecessor-version":[{"id":691,"href":"https:\/\/pddne.eu\/index.php\/wp-json\/wp\/v2\/posts\/502\/revisions\/691"}],"wp:attachment":[{"href":"https:\/\/pddne.eu\/index.php\/wp-json\/wp\/v2\/media?parent=502"}],"wp:term":[{"taxonomy":"category","embeddable":true,"href":"https:\/\/pddne.eu\/index.php\/wp-json\/wp\/v2\/categories?post=502"},{"taxonomy":"post_tag","embeddable":true,"href":"https:\/\/pddne.eu\/index.php\/wp-json\/wp\/v2\/tags?post=502"}],"curies":[{"name":"wp","href":"https:\/\/api.w.org\/{rel}","templated":true}]}}