{"id":953,"date":"2015-06-27T09:13:00","date_gmt":"2015-06-27T07:13:00","guid":{"rendered":"https:\/\/pddne.eu\/?p=953"},"modified":"2024-11-07T09:14:56","modified_gmt":"2024-11-07T08:14:56","slug":"oms-et-pesticides","status":"publish","type":"post","link":"https:\/\/pddne.eu\/index.php\/2015\/06\/27\/oms-et-pesticides\/","title":{"rendered":"OMS et pesticides"},"content":{"rendered":"\n<p>Le 25 juin, l&rsquo;OMS d\u00e9clare canc\u00e9rig\u00e8nes ou risqu\u00e9s pour l&rsquo;Homme, 3 pesticides : le DDT, le lindane et le 2,4-D.<br>C&rsquo;est le r\u00e9sultat, comme le pr\u00e9cise l&rsquo;association \u00ab\u00a0G\u00e9n\u00e9ratione futures\u00a0\u00bb du travail de 26 experts de 13 pays diff\u00e9rents, r\u00e9unis \u00e0 Lyon si\u00e8ge du Circ.<\/p>\n\n\n\n<p>Et, mais, bien s\u00fbr, les avis du CIRC (Centre international de recherche sur le cancer), relay\u00e9s par l&rsquo;OMS ne sont pas contraignants.<br>Bravo : Les deux insecticides sont interdits en France; le DDT en 1970, le lindane en 1998. Mais ils n&rsquo;\u00e9taient pas consid\u00e9r\u00e9s comme dangereux pour les \u00eatres humains. Leur interdiction n&rsquo;\u00e9tait pas g\u00e9n\u00e9rale dans le monde et ne portait que sur des usages agricoles.<br>Le lindane restait \u00e0 usage pharmaceutique, pour les poux de nos enfants ! Quant au 2,4-D, herbicide favori des jardineries, recommand\u00e9 m\u00eame en EAJ (emploi autoris\u00e9 en jardin), nouveau sur la liste, il est class\u00e9 \u00ab\u00a0peut-\u00eatre\u00a0\u00bb canc\u00e9rig\u00e8ne.Et, pr\u00e9cise l&rsquo;association \u00ab\u00a0G\u00e9n\u00e9rations futures\u00a0\u00bb, a des effets \u00ab\u00a0immunosuppresseurs\u00a0\u00bb<br>La nouveaut\u00e9 de l&rsquo;OMS est de reconna\u00eetre leur action \u00ab\u00a0immunod\u00e9pressive\u00a0\u00bb, av\u00e9r\u00e9e chez l&rsquo;animal et donc \u00ab\u00a0possible\u00a0\u00bb chez l&rsquo;Homme. 2,4-D et DDT sont aussi des perturbateurs endocriniens.<br>Il semble que, de plus en plus, le danger pr\u00e9sent\u00e9 par les PE soit enfin reconnu !<br>RV ci-dessous \u00ab\u00a0Haro sur les PE\u00a0\u00bb; \u00ab\u00a0EAJ, emploi autoris\u00e9\u00a0\u00bb; \u00ab\u00a0N\u00e9ocotino\u00efdes\u00a0\u00bb; et \u00ab\u00a0Printemps silencieux\u00a0\u00bb.<\/p>\n","protected":false},"excerpt":{"rendered":"<p>Le 25 juin, l&rsquo;OMS d\u00e9clare canc\u00e9rig\u00e8nes ou risqu\u00e9s pour l&rsquo;Homme, 3 pesticides : le DDT, le lindane et le 2,4-D.C&rsquo;est le r\u00e9sultat, comme le pr\u00e9cise l&rsquo;association \u00ab\u00a0G\u00e9n\u00e9ratione futures\u00a0\u00bb du travail de 26 experts de 13 pays diff\u00e9rents, r\u00e9unis \u00e0 Lyon si\u00e8ge du Circ. Et, mais, bien s\u00fbr, les avis du CIRC (Centre international de recherche [&hellip;]<\/p>\n","protected":false},"author":1,"featured_media":0,"comment_status":"open","ping_status":"open","sticky":false,"template":"","format":"standard","meta":{"footnotes":""},"categories":[7,6],"tags":[],"class_list":["post-953","post","type-post","status-publish","format-standard","hentry","category-eau","category-environnement"],"_links":{"self":[{"href":"https:\/\/pddne.eu\/index.php\/wp-json\/wp\/v2\/posts\/953","targetHints":{"allow":["GET"]}}],"collection":[{"href":"https:\/\/pddne.eu\/index.php\/wp-json\/wp\/v2\/posts"}],"about":[{"href":"https:\/\/pddne.eu\/index.php\/wp-json\/wp\/v2\/types\/post"}],"author":[{"embeddable":true,"href":"https:\/\/pddne.eu\/index.php\/wp-json\/wp\/v2\/users\/1"}],"replies":[{"embeddable":true,"href":"https:\/\/pddne.eu\/index.php\/wp-json\/wp\/v2\/comments?post=953"}],"version-history":[{"count":1,"href":"https:\/\/pddne.eu\/index.php\/wp-json\/wp\/v2\/posts\/953\/revisions"}],"predecessor-version":[{"id":954,"href":"https:\/\/pddne.eu\/index.php\/wp-json\/wp\/v2\/posts\/953\/revisions\/954"}],"wp:attachment":[{"href":"https:\/\/pddne.eu\/index.php\/wp-json\/wp\/v2\/media?parent=953"}],"wp:term":[{"taxonomy":"category","embeddable":true,"href":"https:\/\/pddne.eu\/index.php\/wp-json\/wp\/v2\/categories?post=953"},{"taxonomy":"post_tag","embeddable":true,"href":"https:\/\/pddne.eu\/index.php\/wp-json\/wp\/v2\/tags?post=953"}],"curies":[{"name":"wp","href":"https:\/\/api.w.org\/{rel}","templated":true}]}}